{"id":893,"date":"2014-04-09T15:13:32","date_gmt":"2014-04-09T13:13:32","guid":{"rendered":"http:\/\/ballon.hu\/?p=893"},"modified":"2014-04-09T15:13:32","modified_gmt":"2014-04-09T13:13:32","slug":"magyar-ballon-szovetseg-szezonnyito-edzotabor-bubblegym-2014","status":"publish","type":"post","link":"https:\/\/ballon.hu\/?p=893","title":{"rendered":"Magyar Ballon Sz\u00f6vets\u00e9g szezonnyit\u00f3 edz\u0151t\u00e1bor: BubbleGym 2014"},"content":{"rendered":"<div class=\"91eb22c871f95e36a57e63c989c4ed82\" data-index=\"1\" style=\"float: none; margin:10px 0 10px 0; text-align:center;\">\n<script type=\"text\/javascript\"><!--\r\ngoogle_ad_client = \"ca-pub-2865779868887008\";\r\n\/* Android box *\/\r\ngoogle_ad_slot = \"1345074415\";\r\ngoogle_ad_width = 336;\r\ngoogle_ad_height = 280;\r\n\/\/-->\r\n<\/script>\r\n<script type=\"text\/javascript\"\r\nsrc=\"http:\/\/pagead2.googlesyndication.com\/pagead\/show_ads.js\">\r\n<\/script>\n<\/div>\n<p><img decoding=\"async\" loading=\"lazy\" class=\"alignleft size-medium wp-image-42\" alt=\"Magyar Ballon Sz\u00f6vets\u00e9g\" src=\"http:\/\/ballonszovetseg.hu\/wp-content\/uploads\/2014\/04\/ballonszovetseg_logo_1_s-298x300.jpg\" width=\"298\" height=\"300\" \/>K\u00f6zeledik a Magyar Ballon Sz\u00f6vets\u00e9g els\u0151 rendezv\u00e9nye. A H\u00fasv\u00e9t ut\u00e1ni h\u00e9ten rendezz\u00fck meg az els\u0151 szezonnyit\u00f3 edz\u0151t\u00e1borunkat, melyre nagyobb az \u00e9rdekl\u0151d\u00e9s, mint az elm\u00falt \u00e9vek Nemzeti Bajnoks\u00e1gaira! Tizenn\u00e9gy pil\u00f3t\u00e1val kezdj\u00fck meg a felk\u00e9sz\u00fcl\u00e9st az idei versenyekre, amelyek k\u00f6z\u00fcl az els\u0151, az edz\u0151t\u00e1bort k\u00f6vet\u0151 h\u00e9ten lesz a lengyelorsz\u00e1gi Krosn\u00f3ban.<\/p>\n<p><a href=\"http:\/\/ballonszovetseg.hu\/?page_id=17\" target=\"_blank\">Tov\u00e1bbi inform\u00e1ci\u00f3k itt.<\/a><\/p>\n<!--CusAds0--><!--CusAds0-->\n<div style=\"font-size: 0px; height: 0px; line-height: 0px; margin: 0; padding: 0; clear: both;\"><\/div>","protected":false},"excerpt":{"rendered":"<p>K\u00f6zeledik a Magyar Ballon Sz\u00f6vets\u00e9g els\u0151 rendezv\u00e9nye. A H\u00fasv\u00e9t ut\u00e1ni h\u00e9ten rendezz\u00fck meg az els\u0151 szezonnyit\u00f3 edz\u0151t\u00e1borunkat, melyre nagyobb az \u00e9rdekl\u0151d\u00e9s, mint az elm\u00falt \u00e9vek Nemzeti Bajnoks\u00e1gaira! Tizenn\u00e9gy pil\u00f3t\u00e1val kezdj\u00fck meg a felk\u00e9sz\u00fcl\u00e9st az idei versenyekre, amelyek k\u00f6z\u00fcl az els\u0151, az edz\u0151t\u00e1bort k\u00f6vet\u0151 h\u00e9ten lesz a lengyelorsz\u00e1gi Krosn\u00f3ban. Tov\u00e1bbi inform\u00e1ci\u00f3k itt.<\/p>\n","protected":false},"author":1,"featured_media":0,"comment_status":"open","ping_status":"open","sticky":false,"template":"","format":"standard","meta":[],"categories":[4,10,18],"tags":[37,51,56,62,82,114],"_links":{"self":[{"href":"https:\/\/ballon.hu\/index.php?rest_route=\/wp\/v2\/posts\/893"}],"collection":[{"href":"https:\/\/ballon.hu\/index.php?rest_route=\/wp\/v2\/posts"}],"about":[{"href":"https:\/\/ballon.hu\/index.php?rest_route=\/wp\/v2\/types\/post"}],"author":[{"embeddable":true,"href":"https:\/\/ballon.hu\/index.php?rest_route=\/wp\/v2\/users\/1"}],"replies":[{"embeddable":true,"href":"https:\/\/ballon.hu\/index.php?rest_route=%2Fwp%2Fv2%2Fcomments&post=893"}],"version-history":[{"count":0,"href":"https:\/\/ballon.hu\/index.php?rest_route=\/wp\/v2\/posts\/893\/revisions"}],"wp:attachment":[{"href":"https:\/\/ballon.hu\/index.php?rest_route=%2Fwp%2Fv2%2Fmedia&parent=893"}],"wp:term":[{"taxonomy":"category","embeddable":true,"href":"https:\/\/ballon.hu\/index.php?rest_route=%2Fwp%2Fv2%2Fcategories&post=893"},{"taxonomy":"post_tag","embeddable":true,"href":"https:\/\/ballon.hu\/index.php?rest_route=%2Fwp%2Fv2%2Ftags&post=893"}],"curies":[{"name":"wp","href":"https:\/\/api.w.org\/{rel}","templated":true}]}}