{"id":589,"date":"2013-03-26T16:45:13","date_gmt":"2013-03-26T15:45:13","guid":{"rendered":"http:\/\/ballon.hu\/?p=589"},"modified":"2013-03-26T16:45:13","modified_gmt":"2013-03-26T15:45:13","slug":"vegul-braziliaban-lesz-a-cia-elnokenek-levele","status":"publish","type":"post","link":"https:\/\/ballon.hu\/?p=589","title":{"rendered":"V\u00e9g\u00fcl Braz\u00edli\u00e1ban lesz! &#8211; a CIA eln\u00f6k\u00e9nek levele"},"content":{"rendered":"<div class=\"91eb22c871f95e36a57e63c989c4ed82\" data-index=\"1\" style=\"float: none; margin:10px 0 10px 0; text-align:center;\">\n<script type=\"text\/javascript\"><!--\r\ngoogle_ad_client = \"ca-pub-2865779868887008\";\r\n\/* Android box *\/\r\ngoogle_ad_slot = \"1345074415\";\r\ngoogle_ad_width = 336;\r\ngoogle_ad_height = 280;\r\n\/\/-->\r\n<\/script>\r\n<script type=\"text\/javascript\"\r\nsrc=\"http:\/\/pagead2.googlesyndication.com\/pagead\/show_ads.js\">\r\n<\/script>\n<\/div>\n<p><img decoding=\"async\" loading=\"lazy\" class=\"alignleft\" alt=\"FAI CIA logo\" src=\"http:\/\/balloon.hu\/new\/wp-content\/uploads\/2013\/03\/cia-logo.jpg\" width=\"148\" height=\"90\" \/>A Rio de Janeir\u00f3ban megtartott CIA plen\u00e1ris \u00fcl\u00e9s m\u00e1rcius 22. \u00e9s 23. k\u00f6z\u00f6tt v\u00e9g\u00fcl \u00fagy d\u00f6nt\u00f6tt, hogy a 21. FAI H\u0151l\u00e9gballon Vil\u00e1gbajnoks\u00e1g San Carlos, Braz\u00edli\u00e1ban ker\u00fcl megrendez\u00e9sre. Ez a hat\u00e1rozat hossz\u00fa, neh\u00e9z \u00e9s f\u00e1raszt\u00f3 vita ut\u00e1n j\u00f6tt a plen\u00e1ris \u00fcl\u00e9sen, de a jelen l\u00e9v\u0151 k\u00fcld\u00f6ttek t\u00f6bbs\u00e9g\u00e9nek az megel\u00e9gedetts\u00e9g\u00e9re. A versenyz\u0151k most m\u00e1r magabiztosan megkezdhetik az el\u0151k\u00e9sz\u00fcleteiket.<br \/>\nA brazil szervez\u0151k meger\u0151s\u00edtett\u00e9k Mathijs Debruijn versenyigazgat\u00f3 \u00e9s David Levin versenyigazgat\u00f3 helyettes kinevez\u00e9s\u00e9t. Azt is bejelentett\u00e9k, hogy az El\u0151-Vil\u00e1gbajnoks\u00e1g San Carlos-ban ker\u00fcl megrendez\u00e9sre 2013-ban, FAI min\u0151s\u00edt\u00e9s n\u00e9k\u00fcl.<br \/>\nMeg\u00edg\u00e9rt\u00e9k, hogy a 70 h\u0151l\u00e9gballon 2014-es ingyenes sz\u00e1ll\u00edt\u00e1s\u00e1r\u00f3l a r\u00e9szletes inform\u00e1ci\u00f3k valamikor az \u00e9v folyam\u00e1n el\u00e9rhet\u0151v\u00e9 v\u00e1lnak.<br \/>\n\u00d6r\u00fcl\u00f6k, hogy err\u0151l a k\u00e9rd\u00e9sr\u0151l v\u00e9g\u00fcl d\u00f6nt\u00e9s sz\u00fcletett, \u00e9s k\u00edv\u00e1nom mindazoknak, akik tervezik r\u00e9sztv\u00e9telt, hogy \u00e9rezz\u00e9k j\u00f3l magukat \u00e9s egy t\u00f6k\u00e9letes versenyeken legyen.<\/p>\n<p>\u00dcdv\u00f6zlettel:<br \/>\n<span style=\"line-height: 1.714285714; font-size: 1rem;\">JC Weber, eln\u00f6k<br \/>\n<\/span>FAI H\u0151l\u00e9gballon Bizotts\u00e1g<\/p>\n<p>&nbsp;<\/p>\n<p>&nbsp;<\/p>\n<p><span style=\"text-decoration: underline;\">Az eredeti lev\u00e9l:<\/span><\/p>\n<p><span style=\"font-size: medium;\"><b>And Brazil it will be!<\/b><\/span><\/p>\n<p>The CIA Plenary Meeting, held in Rio de Janeiro on March 22 and 23, has finally decided. The 21<sup>st<\/sup> FAI World Hot Air Balloon Championship will be held in San Carlos\/Brazil in 2013. This decision came along after long, difficult and tiresome discussions at the Plenary, but to the satisfaction of a majority of the delegates present. Competitors may now confidently start their preparations.<\/p><!--CusAds0-->\n<p>The Brazilian organisers confirmed the appointment of Event Director Mathijs Debruijn and Deputy Event Director David Levin. They also announced that a non-sanctioned Pre-Worlds event will be held in San Carlos in July 2013.<\/p>\n<p>Detailed information regarding the free transportation of the 70 balloons in 2014 has been promised to become available sometime during the year.<\/p>\n<p>I am glad that the this issue has finally been decided, and I wish all those who plan to participate a lot of fun and perfect competitions.<\/p>\n<p>Buoyant regards,<br \/>\n<b style=\"line-height: 1.714285714; font-size: 1rem;\"><i>JC Weber, president<br \/>\n<\/i><\/b><em id=\"__mceDel\" style=\"line-height: 1.714285714; font-size: 1rem;\"><b style=\"line-height: 1.714285714; font-size: 1rem;\"><i>FAI Ballooning Commission<\/i><\/b><\/em><\/p>\n<!--CusAds0-->\n<div style=\"font-size: 0px; height: 0px; line-height: 0px; margin: 0; padding: 0; clear: both;\"><\/div>","protected":false},"excerpt":{"rendered":"<p>A Rio de Janeir\u00f3ban megtartott CIA plen\u00e1ris \u00fcl\u00e9s m\u00e1rcius 22. \u00e9s 23. k\u00f6z\u00f6tt v\u00e9g\u00fcl \u00fagy d\u00f6nt\u00f6tt, hogy a 21. FAI H\u0151l\u00e9gballon Vil\u00e1gbajnoks\u00e1g San Carlos, Braz\u00edli\u00e1ban ker\u00fcl megrendez\u00e9sre. Ez a hat\u00e1rozat hossz\u00fa, neh\u00e9z \u00e9s f\u00e1raszt\u00f3 vita ut\u00e1n j\u00f6tt a plen\u00e1ris \u00fcl\u00e9sen, de a jelen l\u00e9v\u0151 k\u00fcld\u00f6ttek t\u00f6bbs\u00e9g\u00e9nek az megel\u00e9gedetts\u00e9g\u00e9re. A versenyz\u0151k most m\u00e1r magabiztosan megkezdhetik az [&hellip;]<\/p>\n","protected":false},"author":1,"featured_media":0,"comment_status":"open","ping_status":"open","sticky":false,"template":"","format":"standard","meta":[],"categories":[28,10,18,24],"tags":[37,73,128,134],"_links":{"self":[{"href":"https:\/\/ballon.hu\/index.php?rest_route=\/wp\/v2\/posts\/589"}],"collection":[{"href":"https:\/\/ballon.hu\/index.php?rest_route=\/wp\/v2\/posts"}],"about":[{"href":"https:\/\/ballon.hu\/index.php?rest_route=\/wp\/v2\/types\/post"}],"author":[{"embeddable":true,"href":"https:\/\/ballon.hu\/index.php?rest_route=\/wp\/v2\/users\/1"}],"replies":[{"embeddable":true,"href":"https:\/\/ballon.hu\/index.php?rest_route=%2Fwp%2Fv2%2Fcomments&post=589"}],"version-history":[{"count":0,"href":"https:\/\/ballon.hu\/index.php?rest_route=\/wp\/v2\/posts\/589\/revisions"}],"wp:attachment":[{"href":"https:\/\/ballon.hu\/index.php?rest_route=%2Fwp%2Fv2%2Fmedia&parent=589"}],"wp:term":[{"taxonomy":"category","embeddable":true,"href":"https:\/\/ballon.hu\/index.php?rest_route=%2Fwp%2Fv2%2Fcategories&post=589"},{"taxonomy":"post_tag","embeddable":true,"href":"https:\/\/ballon.hu\/index.php?rest_route=%2Fwp%2Fv2%2Ftags&post=589"}],"curies":[{"name":"wp","href":"https:\/\/api.w.org\/{rel}","templated":true}]}}