{"id":820,"date":"2014-01-02T10:12:40","date_gmt":"2014-01-02T09:12:40","guid":{"rendered":"http:\/\/ballon.hu\/?p=820"},"modified":"2014-01-02T10:12:40","modified_gmt":"2014-01-02T09:12:40","slug":"a-tengerben-landolt-a-kinai-ferfi-ballonja","status":"publish","type":"post","link":"http:\/\/ballon.hu\/?p=820","title":{"rendered":"A tengerben landolt a k\u00ednai f\u00e9rfi ballonja"},"content":{"rendered":"<div class=\"71412af0e73d5d7388caca345de1e9dd\" data-index=\"1\" style=\"float: none; margin:10px 0 10px 0; text-align:center;\">\n<script type=\"text\/javascript\"><!--\r\ngoogle_ad_client = \"ca-pub-2865779868887008\";\r\n\/* Android box *\/\r\ngoogle_ad_slot = \"1345074415\";\r\ngoogle_ad_width = 336;\r\ngoogle_ad_height = 280;\r\n\/\/-->\r\n<\/script>\r\n<script type=\"text\/javascript\"\r\nsrc=\"http:\/\/pagead2.googlesyndication.com\/pagead\/show_ads.js\">\r\n<\/script>\n<\/div>\n<p>A jap\u00e1n parti \u0151rs\u00e9g megmentette egy k\u00ednai \u00e1llampolg\u00e1r \u00e9let\u00e9t, aki megpr\u00f3b\u00e1lt h\u0151l\u00e9gballonnal elrep\u00fclni a Jap\u00e1n, K\u00edna \u00e9s Tajvan \u00e1ltal vitatott Senkaku-szigetek egyik\u00e9re.<\/p>\n<p><img decoding=\"async\" loading=\"lazy\" class=\"alignleft size-full wp-image-821\" alt=\"A tengerben landolt a k\u00ednai f\u00e9rfi ballonja\" src=\"http:\/\/ballon.hu\/wp-content\/uploads\/2014\/01\/A-tengerben-landolt-a-k\u00ednai-f\u00e9rfi-ballonja.jpg\" width=\"1000\" height=\"625\" \/><\/p>\n<p>A 35 \u00e9ves szak\u00e1cs Fujian tartom\u00e1nyb\u00f3l indult janu\u00e1r els\u0151 napj\u00e1n, reggel 7 \u00f3rakor. A ballon nem jutott el a szigetekig, a k\u00ednai f\u00e9rfi pedig a tengerben tal\u00e1lta mag\u00e1t 22 km-re a szigetekt\u0151l d\u00e9lre. A jap\u00e1n parti \u0151rs\u00e9get 14:26-kor \u00e9rtes\u00edtett\u00e9k, akik kihal\u00e1szt\u00e1k \u0151t \u00e9s \u00e1tadt\u00e1k egy k\u00ednai j\u00e1r\u0151rhaj\u00f3nak. A k\u00ednai f\u00e9rfit nem tart\u00f3ztatt\u00e1k le a jap\u00e1n matr\u00f3zok, mivel nem lehetett tudni, hogy nemzetk\u00f6zi vizeken vagy Jap\u00e1n fels\u00e9gvizein sz\u00e1llt-e le.<\/p>\n<p>K\u00ednai \u00e9s tajvani aktivist\u00e1k t\u00f6bbsz\u00f6r megpr\u00f3b\u00e1ltak eljutni a szigetekre, ami 200 km-re van Tajvant\u00f3l \u00e9s 400 km-re Okinaw\u00e1t\u00f3l.<\/p>\n<!--CusAds0--><!--CusAds0-->\n<div style=\"font-size: 0px; height: 0px; line-height: 0px; margin: 0; padding: 0; clear: both;\"><\/div>","protected":false},"excerpt":{"rendered":"<p>A jap\u00e1n parti \u0151rs\u00e9g megmentette egy k\u00ednai \u00e1llampolg\u00e1r \u00e9let\u00e9t, aki megpr\u00f3b\u00e1lt h\u0151l\u00e9gballonnal elrep\u00fclni a Jap\u00e1n, K\u00edna \u00e9s Tajvan \u00e1ltal vitatott Senkaku-szigetek egyik\u00e9re. A 35 \u00e9ves szak\u00e1cs Fujian tartom\u00e1nyb\u00f3l indult janu\u00e1r els\u0151 napj\u00e1n, reggel 7 \u00f3rakor. A ballon nem jutott el a szigetekig, a k\u00ednai f\u00e9rfi pedig a tengerben tal\u00e1lta mag\u00e1t 22 km-re a szigetekt\u0151l d\u00e9lre. [&hellip;]<\/p>\n","protected":false},"author":1,"featured_media":0,"comment_status":"open","ping_status":"open","sticky":false,"template":"","format":"standard","meta":[],"categories":[2,6,10],"tags":[50,74,90,124],"_links":{"self":[{"href":"http:\/\/ballon.hu\/index.php?rest_route=\/wp\/v2\/posts\/820"}],"collection":[{"href":"http:\/\/ballon.hu\/index.php?rest_route=\/wp\/v2\/posts"}],"about":[{"href":"http:\/\/ballon.hu\/index.php?rest_route=\/wp\/v2\/types\/post"}],"author":[{"embeddable":true,"href":"http:\/\/ballon.hu\/index.php?rest_route=\/wp\/v2\/users\/1"}],"replies":[{"embeddable":true,"href":"http:\/\/ballon.hu\/index.php?rest_route=%2Fwp%2Fv2%2Fcomments&post=820"}],"version-history":[{"count":0,"href":"http:\/\/ballon.hu\/index.php?rest_route=\/wp\/v2\/posts\/820\/revisions"}],"wp:attachment":[{"href":"http:\/\/ballon.hu\/index.php?rest_route=%2Fwp%2Fv2%2Fmedia&parent=820"}],"wp:term":[{"taxonomy":"category","embeddable":true,"href":"http:\/\/ballon.hu\/index.php?rest_route=%2Fwp%2Fv2%2Fcategories&post=820"},{"taxonomy":"post_tag","embeddable":true,"href":"http:\/\/ballon.hu\/index.php?rest_route=%2Fwp%2Fv2%2Ftags&post=820"}],"curies":[{"name":"wp","href":"https:\/\/api.w.org\/{rel}","templated":true}]}}