{"id":472,"date":"2013-02-28T11:37:22","date_gmt":"2013-02-28T10:37:22","guid":{"rendered":"http:\/\/ballon.hu\/?p=472"},"modified":"2013-02-28T11:37:22","modified_gmt":"2013-02-28T10:37:22","slug":"szaz-start-a-cseh-varosokban","status":"publish","type":"post","link":"http:\/\/ballon.hu\/?p=472","title":{"rendered":"Sz\u00e1z start a cseh v\u00e1rosokban"},"content":{"rendered":"<div class=\"71412af0e73d5d7388caca345de1e9dd\" data-index=\"1\" style=\"float: none; margin:10px 0 10px 0; text-align:center;\">\n<script type=\"text\/javascript\"><!--\r\ngoogle_ad_client = \"ca-pub-2865779868887008\";\r\n\/* Android box *\/\r\ngoogle_ad_slot = \"1345074415\";\r\ngoogle_ad_width = 336;\r\ngoogle_ad_height = 280;\r\n\/\/-->\r\n<\/script>\r\n<script type=\"text\/javascript\"\r\nsrc=\"http:\/\/pagead2.googlesyndication.com\/pagead\/show_ads.js\">\r\n<\/script>\n<\/div>\n<p><img decoding=\"async\" loading=\"lazy\" class=\" wp-image-473  alignleft\" style=\"line-height: 1.714285714; font-size: 1rem;\" alt=\"Sz\u00e1z start a cseh v\u00e1rosokban\" src=\"http:\/\/ballon.hu\/wp-content\/uploads\/2013\/02\/100cseh_logo.jpg\" width=\"206\" height=\"230\" \/><\/p>\n<p><span style=\"line-height: 1.714285714; font-size: 1rem;\">\u201eSz\u00e1z start a cseh v\u00e1rosokban&#8221; egy nonprofit kezdem\u00e9nyez\u00e9s, ami a cseh h\u0151l\u00e9gballonoz\u00e1st pr\u00f3b\u00e1lja seg\u00edteni. A kezdem\u00e9nyez\u00e9s k\u00f6zpontja egy honlap: <\/span><a style=\"line-height: 1.714285714; font-size: 1rem;\" href=\"http:\/\/www.100startu.cz\/\" target=\"_blank\">www.100startu.cz<\/a><span style=\"line-height: 1.714285714; font-size: 1rem;\">, minden inform\u00e1ci\u00f3t itt tesznek k\u00f6zz\u00e9. A h\u0151l\u00e9gballonoz\u00e1s nyilv\u00e1noss\u00e1g\u00e1t az ut\u00f3bbi id\u0151ben els\u0151sorban \u00fcgyn\u00f6ks\u00e9gek, kereskedelmi szervezetek, bulv\u00e1r h\u00edrek, azaz a p\u00e9nz hat\u00e1rozza meg. Az\u00e9rt ind\u00edtott\u00e1k a, hogy eml\u00e9keztess\u00e9k, bizony\u00edts\u00e1k \u00e9s bemutass\u00e1k, hogy a h\u0151l\u00e9gballonoz\u00e1s els\u0151sorban az \u00f6r\u00f6mr\u0151l sz\u00f3l, mint a kezdetekben is.<\/span><\/p>\n<p>A projekt nev\u00e9t az adta, hogy sz\u00e1z v\u00e1rosb\u00f3l fognak felsz\u00e1llni az orsz\u00e1g eg\u00e9sz ter\u00fclet\u00e9n. 2013 febru\u00e1r 8-\u00e1n kezd\u0151d\u00f6tt <a href=\"https:\/\/maps.google.com\/maps?q=Police+nad+Metuj%C3%AD,+Csehorsz%C3%A1g&amp;hl=hu&amp;ie=UTF8&amp;ll=50.536863,16.233501&amp;spn=0.008469,0.021157&amp;sll=46.232789,20.140469&amp;sspn=0.294958,0.677032&amp;oq=Police+nad+Metuj%C3%AD&amp;hnear=Police+nad+Metuj%C3%AD,+Csehorsz%C3%A1g&amp;t=m&amp;z=16\" target=\"_blank\">Police nad Metuj\u00ed f\u0151ter\u00e9n<\/a>\u00a0 \u00e9s addig tart, am\u00edg a sz\u00e1zadik v\u00e1rosb\u00f3l is felsz\u00e1ll egy h\u0151l\u00e9gballon. A ballonban a pil\u00f3t\u00e1val mindig a v\u00e1ros egy k\u00e9pvisel\u0151je (polg\u00e1rmester vagy alpolg\u00e1rmester) \u00e9s egy \u00fajs\u00e1g\u00edr\u00f3 utazik, aki t\u00e1j\u00e9koztat a rep\u00fcl\u00e9sr\u0151l. Ez nem egy kereskedelmi szervez\u0151d\u00e9s, nem lehet p\u00e9nz\u00e9rt helyet venni a kos\u00e1rba. A \u201eSz\u00e1z start a cseh v\u00e1rosokban&#8221; minden cseh h\u0151l\u00e9gballon csapat r\u00e9szt vehet, aki csatlakozni akar, elfogadja kezdem\u00e9nyez\u00e9s c\u00e9ljait \u00e9s legal\u00e1bb egy felsz\u00e1ll\u00e1ssal hozz\u00e1j\u00e1rul.<\/p>\n<p>Gratul\u00e1lok a p\u00e9ldamutat\u00f3, sz\u00e9p kezdem\u00e9nyez\u00e9shez!<\/p>\n<p><img decoding=\"async\" loading=\"lazy\" class=\"alignleft size-full wp-image-474\" alt=\"100 start a cseh v\u00e1rosokban\" src=\"http:\/\/ballon.hu\/wp-content\/uploads\/2013\/02\/100cseh.jpg\" width=\"640\" height=\"290\" \/><\/p><!--CusAds0-->\n<p>&nbsp;<\/p>\n<!--CusAds0-->\n<div style=\"font-size: 0px; height: 0px; line-height: 0px; margin: 0; padding: 0; clear: both;\"><\/div>","protected":false},"excerpt":{"rendered":"<p>\u201eSz\u00e1z start a cseh v\u00e1rosokban&#8221; egy nonprofit kezdem\u00e9nyez\u00e9s, ami a cseh h\u0151l\u00e9gballonoz\u00e1st pr\u00f3b\u00e1lja seg\u00edteni. A kezdem\u00e9nyez\u00e9s k\u00f6zpontja egy honlap: www.100startu.cz, minden inform\u00e1ci\u00f3t itt tesznek k\u00f6zz\u00e9. A h\u0151l\u00e9gballonoz\u00e1s nyilv\u00e1noss\u00e1g\u00e1t az ut\u00f3bbi id\u0151ben els\u0151sorban \u00fcgyn\u00f6ks\u00e9gek, kereskedelmi szervezetek, bulv\u00e1r h\u00edrek, azaz a p\u00e9nz hat\u00e1rozza meg. Az\u00e9rt ind\u00edtott\u00e1k a, hogy eml\u00e9keztess\u00e9k, bizony\u00edts\u00e1k \u00e9s bemutass\u00e1k, hogy a h\u0151l\u00e9gballonoz\u00e1s els\u0151sorban az [&hellip;]<\/p>\n","protected":false},"author":1,"featured_media":0,"comment_status":"open","ping_status":"open","sticky":false,"template":"","format":"standard","meta":[],"categories":[4,10,18],"tags":[82,114,128],"_links":{"self":[{"href":"http:\/\/ballon.hu\/index.php?rest_route=\/wp\/v2\/posts\/472"}],"collection":[{"href":"http:\/\/ballon.hu\/index.php?rest_route=\/wp\/v2\/posts"}],"about":[{"href":"http:\/\/ballon.hu\/index.php?rest_route=\/wp\/v2\/types\/post"}],"author":[{"embeddable":true,"href":"http:\/\/ballon.hu\/index.php?rest_route=\/wp\/v2\/users\/1"}],"replies":[{"embeddable":true,"href":"http:\/\/ballon.hu\/index.php?rest_route=%2Fwp%2Fv2%2Fcomments&post=472"}],"version-history":[{"count":0,"href":"http:\/\/ballon.hu\/index.php?rest_route=\/wp\/v2\/posts\/472\/revisions"}],"wp:attachment":[{"href":"http:\/\/ballon.hu\/index.php?rest_route=%2Fwp%2Fv2%2Fmedia&parent=472"}],"wp:term":[{"taxonomy":"category","embeddable":true,"href":"http:\/\/ballon.hu\/index.php?rest_route=%2Fwp%2Fv2%2Fcategories&post=472"},{"taxonomy":"post_tag","embeddable":true,"href":"http:\/\/ballon.hu\/index.php?rest_route=%2Fwp%2Fv2%2Ftags&post=472"}],"curies":[{"name":"wp","href":"https:\/\/api.w.org\/{rel}","templated":true}]}}