{"id":1266,"date":"2016-07-13T15:37:47","date_gmt":"2016-07-13T13:37:47","guid":{"rendered":"http:\/\/ballon.hu\/?p=1266"},"modified":"2016-07-14T19:14:03","modified_gmt":"2016-07-14T17:14:03","slug":"meghivo-a-szeged-ballon-kupara","status":"publish","type":"post","link":"http:\/\/ballon.hu\/?p=1266","title":{"rendered":"Megh\u00edv\u00f3 a Szeged Ballon Kup\u00e1ra"},"content":{"rendered":"<div class=\"71412af0e73d5d7388caca345de1e9dd\" data-index=\"1\" style=\"float: none; margin:10px 0 10px 0; text-align:center;\">\n<script type=\"text\/javascript\"><!--\r\ngoogle_ad_client = \"ca-pub-2865779868887008\";\r\n\/* Android box *\/\r\ngoogle_ad_slot = \"1345074415\";\r\ngoogle_ad_width = 336;\r\ngoogle_ad_height = 280;\r\n\/\/-->\r\n<\/script>\r\n<script type=\"text\/javascript\"\r\nsrc=\"http:\/\/pagead2.googlesyndication.com\/pagead\/show_ads.js\">\r\n<\/script>\n<\/div>\n<h2><img decoding=\"async\" loading=\"lazy\" class=\"alignright size-full wp-image-1267\" src=\"http:\/\/ballon.hu\/wp-content\/uploads\/2016\/07\/Szeged-Ballon-1s.jpg\" alt=\"Szeged Ballon Kupa 2016\" width=\"200\" height=\"274\" \/>Megh\u00edv\u00f3 a\u00a0<strong>Szeged Ballon\u00a0Kup\u00e1ra<br \/>\n2016. szeptember 15-18.<\/strong><\/h2>\n<p>Sok szeretettel megh\u00edvunk minden ballonos bar\u00e1tunkat Szegedre. Rendezv\u00e9nnyel egy id\u0151ben ker\u00fcl megrendez\u00e9sre a <a href=\"http:\/\/borter.hu\/\" target=\"_blank\">BorT\u00e9r<\/a> borfesztiv\u00e1l, ahol t\u00f6bb mint 100 pinc\u00e9szet \u00e1ll\u00edt ki \u00e9s a ballonversenyt a\u00a0<a href=\"https:\/\/www.facebook.com\/szegedirepulonapok\/\" target=\"_blank\">Szegedi Rep\u00fcl\u0151napok &amp; L\u00e9gipar\u00e1d\u00e9<\/a> r\u00e9szek\u00e9nt szervezz\u00fck.<!--more--><\/p>\n<p>Szervez\u0151: Budapest Ballon Club SE \u00e9s Szegedi K\u00f6zleked\u00e9si Kft.<\/p>\n<p><strong style=\"line-height: 1.71429; font-size: 1rem;\">Szeptember 15., cs\u00fct\u00f6rt\u00f6k<\/strong><\/p>\n<p>17:00\u00a0\u00a0\u00a0\u00a0 Szabad rep\u00fcl\u00e9s<br \/>\n19:00\u00a0\u00a0\u00a0\u00a0 Egy ballon f\u00fcggeszkedik a D\u00f3m t\u00e9ren.<\/p>\n<p><strong style=\"line-height: 1.71429; font-size: 1rem;\">Szeptember 16., p\u00e9ntek<\/strong><\/p><!--CusAds0-->\n<p>07:00\u00a0\u00a0\u00a0\u00a0 Szabad rep\u00fcl\u00e9s<br \/>\n11:30\u00a0\u00a0\u00a0\u00a0 \u00c1ltal\u00e1nos eligaz\u00edt\u00e1s<br \/>\n12:00\u00a0\u00a0\u00a0\u00a0 Aut\u00f3s f\u00e1kly\u00e1z\u00e1s a v\u00e1rosban<br \/>\n16:30\u00a0\u00a0\u00a0\u00a0 Eligaz\u00edt\u00e1s<br \/>\n17:30\u00a0\u00a0\u00a0\u00a0 Versenyrep\u00fcl\u00e9s<br \/>\n20:00\u00a0\u00a0\u00a0\u00a0 Esti f\u00fcggeszked\u00e9s<\/p>\n<p><strong>Szeptember 17., szombat<\/strong><\/p>\n<p>06:45\u00a0\u00a0\u00a0\u00a0 Eligaz\u00edt\u00e1s<br \/>\n07:30\u00a0\u00a0\u00a0\u00a0 Versenyrep\u00fcl\u00e9s<br \/>\n16:30\u00a0\u00a0\u00a0\u00a0 Eligaz\u00edt\u00e1s<br \/>\n17:30\u00a0\u00a0\u00a0\u00a0 Versenyrep\u00fcl\u00e9s<\/p>\n<p><strong>Szeptember 18., vas\u00e1rnap<\/strong><\/p>\n<p>06:45\u00a0\u00a0\u00a0\u00a0 Eligaz\u00edt\u00e1s<br \/>\n07:30\u00a0\u00a0\u00a0\u00a0 Versenyrep\u00fcl\u00e9s<br \/>\n11:00\u00a0\u00a0\u00a0\u00a0 Eredm\u00e9nyhirdet\u00e9s<\/p>\n<p><strong>Nevez\u00e9si d\u00edj<\/strong>\u00a0a be\u00e9rkez\u00e9s idej\u00e9t\u0151l f\u00fcgg\u0151en a \u00a0k\u00f6vetkez\u0151:<\/p>\n<table>\n<tbody>\n<tr>\n<td>Nevez\u00e9si d\u00edj<\/td>\n<td>Meg\u00e9rkezett a sz\u00e1ml\u00e1ra<\/td>\n<td><\/td>\n<\/tr>\n<tr>\n<td>10.000\u00a0Ft<\/td>\n<td>2016. j\u00falius 31-ig<\/td>\n<td><\/td>\n<\/tr>\n<tr>\n<td>20.000\u00a0Ft<\/td>\n<td>2016. augusztus 01-t\u0151l\u00a02016. augusztus 15-ig<\/td>\n<td><\/td>\n<\/tr>\n<tr>\n<td>25.000\u00a0Ft<\/td>\n<td>2016. augusztus 15-t\u0151l 2016. augusztus 31-ig<\/td>\n<td><\/td>\n<\/tr>\n<tr>\n<td>30.000\u00a0Ft<\/td>\n<td>2016. augusztus 31. ut\u00e1n<\/td>\n<td><\/td>\n<\/tr>\n<\/tbody>\n<\/table>\n<p><strong>A\u00a0nevez\u00e9si d\u00edj tartalmazza:<\/strong><\/p>\n<ul>\n<li>verseny lebonyol\u00edt\u00e1s\u00e1hoz sz\u00fcks\u00e9ges szem\u00e9lyzetet,<\/li>\n<li>elektronikus t\u00e9rk\u00e9pet \u00e9s szab\u00e1lyokat,<\/li>\n<li>a rep\u00fcl\u00e9sekhez \u00e9s f\u00fcggeszked\u00e9shez sz\u00fcks\u00e9ges prop\u00e1n g\u00e1zt,<\/li>\n<li>k\u00f6nny\u0171 reggeli \u00e9s bog\u00e1csban k\u00e9sz\u00fclt eb\u00e9d\u00a0a pil\u00f3ta + 3 f\u0151 r\u00e9sz\u00e9re,<\/li>\n<li>aj\u00e1nd\u00e9kcsomag,<\/li>\n<li>ingyenes kempingez\u00e9si lehet\u0151s\u00e9g a rep\u00fcl\u0151t\u00e9ren.<\/li>\n<li>A sz\u00e1ll\u00e1st mindenkinek egy\u00e9nileg kell megoldania, ha nem akar kempingezni. \u00a0Mivel t\u00f6bb rendezv\u00e9ny is lesz a v\u00e1rosban, ez\u00e9rt \u00e9rdemes min\u00e9l hamarabb lefoglalni. A foglal\u00e1shoz egy kis seg\u00edts\u00e9g <a href=\"http:\/\/www.booking.com\/searchresults.html?aid=337187&amp;sid=2159b67f66f2e79ce4447bd94fbf2c3a&amp;dcid=1&amp;checkin_monthday=15&amp;checkin_year_month=2016-9&amp;checkout_monthday=18&amp;checkout_year_month=2016-9&amp;class_interval=1&amp;dest_id=-867005&amp;dest_type=city&amp;dtdisc=0&amp;hlrd=0&amp;hyb_red=0&amp;inac=0&amp;label_click=undef&amp;nha_red=0&amp;postcard=0&amp;redirected_from_city=0&amp;redirected_from_landmark=0&amp;redirected_from_region=0&amp;review_score_group=empty&amp;room1=A%2CA&amp;sb_price_type=total&amp;score_min=0&amp;si=ai%2Cco%2Cci%2Cre%2Cdi&amp;ss=Szeged&amp;ss_all=0&amp;ssb=empty&amp;sshis=0&amp;order=price_for_two\" target=\"_blank\">itt<\/a>.<\/li>\n<\/ul>\n<p>A<strong> nevez\u00e9si d\u00edj<\/strong>at erre a banksz\u00e1ml\u00e1ra kell fizetni, a megjegyz\u00e9s rovatban a pil\u00f3ta nev\u00e9t kell megjel\u00f6lni:<\/p>\n<p><strong>Budapest Ballon Club SE<\/strong><br \/>\n<strong> OTP\u00a0Bank:\u00a011711034-20851341<\/strong><\/p>\n<p>A verseny az AXMER 2016 alapj\u00e1n, megfigyel\u0151k n\u00e9lk\u00fcl, markerekkel \u00e9s GPS loggerekkel lesz \u00e9rt\u00e9kelve. Nem pontszerz\u0151 verseny. A nevez\u00e9si d\u00edj csak a rendezv\u00e9ny t\u00f6rl\u00e9se est\u00e9n visszat\u00e9r\u00edthet\u0151. A szervez\u0151k szeretn\u00e9k k\u00e9rni, hogy rep\u00fcl\u00e9sekkor legal\u00e1bb egy utast vigyenek el a r\u00e9sztvev\u0151 ballonok.<br \/>\nA versenyre csak ezen az elektronikus <a href=\"https:\/\/docs.google.com\/forms\/d\/e\/1FAIpQLScgV3E5cGrhFfASO8PD_QSrvOCf2L5400Nx4szKYVU2vTzaog\/viewform\" target=\"_blank\"><strong>nevez\u00e9si lap<\/strong><\/a>on lehet nevezni.<\/p>\n<!--CusAds0-->\n<div style=\"font-size: 0px; height: 0px; line-height: 0px; margin: 0; padding: 0; clear: both;\"><\/div>","protected":false},"excerpt":{"rendered":"<p>Megh\u00edv\u00f3 a\u00a0Szeged Ballon\u00a0Kup\u00e1ra 2016. szeptember 15-18. Sok szeretettel megh\u00edvunk minden ballonos bar\u00e1tunkat Szegedre. Rendezv\u00e9nnyel egy id\u0151ben ker\u00fcl megrendez\u00e9sre a BorT\u00e9r borfesztiv\u00e1l, ahol t\u00f6bb mint 100 pinc\u00e9szet \u00e1ll\u00edt ki \u00e9s a ballonversenyt a\u00a0Szegedi Rep\u00fcl\u0151napok &amp; L\u00e9gipar\u00e1d\u00e9 r\u00e9szek\u00e9nt szervezz\u00fck.<\/p>\n","protected":false},"author":1,"featured_media":0,"comment_status":"open","ping_status":"open","sticky":false,"template":"","format":"standard","meta":[],"categories":[1],"tags":[],"_links":{"self":[{"href":"http:\/\/ballon.hu\/index.php?rest_route=\/wp\/v2\/posts\/1266"}],"collection":[{"href":"http:\/\/ballon.hu\/index.php?rest_route=\/wp\/v2\/posts"}],"about":[{"href":"http:\/\/ballon.hu\/index.php?rest_route=\/wp\/v2\/types\/post"}],"author":[{"embeddable":true,"href":"http:\/\/ballon.hu\/index.php?rest_route=\/wp\/v2\/users\/1"}],"replies":[{"embeddable":true,"href":"http:\/\/ballon.hu\/index.php?rest_route=%2Fwp%2Fv2%2Fcomments&post=1266"}],"version-history":[{"count":9,"href":"http:\/\/ballon.hu\/index.php?rest_route=\/wp\/v2\/posts\/1266\/revisions"}],"predecessor-version":[{"id":1276,"href":"http:\/\/ballon.hu\/index.php?rest_route=\/wp\/v2\/posts\/1266\/revisions\/1276"}],"wp:attachment":[{"href":"http:\/\/ballon.hu\/index.php?rest_route=%2Fwp%2Fv2%2Fmedia&parent=1266"}],"wp:term":[{"taxonomy":"category","embeddable":true,"href":"http:\/\/ballon.hu\/index.php?rest_route=%2Fwp%2Fv2%2Fcategories&post=1266"},{"taxonomy":"post_tag","embeddable":true,"href":"http:\/\/ballon.hu\/index.php?rest_route=%2Fwp%2Fv2%2Ftags&post=1266"}],"curies":[{"name":"wp","href":"https:\/\/api.w.org\/{rel}","templated":true}]}}