{"id":1258,"date":"2016-07-04T08:04:26","date_gmt":"2016-07-04T06:04:26","guid":{"rendered":"http:\/\/ballon.hu\/?p=1258"},"modified":"2016-07-04T08:15:09","modified_gmt":"2016-07-04T06:15:09","slug":"veget-ert-a-3-holegballon-ifjusagi-vilagbajnoksag","status":"publish","type":"post","link":"http:\/\/ballon.hu\/?p=1258","title":{"rendered":"V\u00e9get \u00e9rt a 3. H\u0151l\u00e9gballon Ifj\u00fas\u00e1gi Vil\u00e1gbajnoks\u00e1g"},"content":{"rendered":"<div class=\"71412af0e73d5d7388caca345de1e9dd\" data-index=\"1\" style=\"float: none; margin:10px 0 10px 0; text-align:center;\">\n<script type=\"text\/javascript\"><!--\r\ngoogle_ad_client = \"ca-pub-2865779868887008\";\r\n\/* Android box *\/\r\ngoogle_ad_slot = \"1345074415\";\r\ngoogle_ad_width = 336;\r\ngoogle_ad_height = 280;\r\n\/\/-->\r\n<\/script>\r\n<script type=\"text\/javascript\"\r\nsrc=\"http:\/\/pagead2.googlesyndication.com\/pagead\/show_ads.js\">\r\n<\/script>\n<\/div>\n<p>V\u00e9get \u00e9rt a 3. Ifj\u00fas\u00e1gi Vil\u00e1gbajnoks\u00e1g Marijampol\u00e9ban (Litv\u00e1nia), ahol az els\u0151t is megrendezt\u00e9k. Az els\u0151h\u00f6z hasonl\u00f3an ism\u00e9t Rokas Kostiu\u0161kevi\u010dius lett az Ifj\u00fas\u00e1gi vil\u00e1gbajnok, aki volt m\u00e1r Eur\u00f3pa Bajnok is, \u00e9s helysz\u00ednt ad\u00f3 v\u00e1rosban \u00e9l.<\/p>\n<div id=\"attachment_1259\" style=\"width: 1290px\" class=\"wp-caption aligncenter\"><a href=\"http:\/\/ballon.hu\/wp-content\/uploads\/2016\/07\/2016-07-04-04.59.54.jpg\"><img aria-describedby=\"caption-attachment-1259\" decoding=\"async\" loading=\"lazy\" class=\"wp-image-1259 size-full\" src=\"http:\/\/ballon.hu\/wp-content\/uploads\/2016\/07\/2016-07-04-04.59.54.jpg\" alt=\"A 3. Ifj\u00fas\u00e1gi Vil\u00e1gbajnoks\u00e1g dobog\u00f3j\u00e1n.\" width=\"1280\" height=\"960\" srcset=\"http:\/\/ballon.hu\/wp-content\/uploads\/2016\/07\/2016-07-04-04.59.54.jpg 1280w, http:\/\/ballon.hu\/wp-content\/uploads\/2016\/07\/2016-07-04-04.59.54-300x225.jpg 300w, http:\/\/ballon.hu\/wp-content\/uploads\/2016\/07\/2016-07-04-04.59.54-768x576.jpg 768w, http:\/\/ballon.hu\/wp-content\/uploads\/2016\/07\/2016-07-04-04.59.54-1024x768.jpg 1024w, http:\/\/ballon.hu\/wp-content\/uploads\/2016\/07\/2016-07-04-04.59.54-624x468.jpg 624w\" sizes=\"(max-width: 1280px) 100vw, 1280px\" \/><\/a><p id=\"caption-attachment-1259\" class=\"wp-caption-text\">Tomasz Filus, Rokas Kostiu\u0161kevi\u010dius, Dominic Bareford &#8211; k\u00e9p: Kikuta Akari<\/p><\/div>\n<p><!--more-->A k\u00e9pen az el\u0151z\u0151 bajnok\u00a0gratul\u00e1l az \u00fajnak, akik k\u00f6z\u00f6tt az el\u0151z\u0151 ifi VB-n is csak egy zs\u0171ri d\u00f6nt\u00e9s cser\u00e9lte meg az els\u0151 helyet.<\/p>\n<p>A hat rep\u00fcl\u00e9s sor\u00e1n 23 feladatot hajtottak v\u00e9gre, amit a szint\u00e9n litv\u00e1n versenyigazgat\u00f3 \u00e1ll\u00edtott a pil\u00f3t\u00e1k el\u00e9. Sajnos eddig magyar versenyz\u0151 nem vett r\u00e9szt h\u0151l\u00e9gballon Ifj\u00fas\u00e1gi Vil\u00e1gbajnoks\u00e1gon. Az \u00f6sszes eredm\u00e9ny <a href=\"http:\/\/www.debruijn.de\/bscoring\/prpd\/enb\/results.htm\" target=\"_blank\">itt<\/a> \u00e9rhet\u0151 el.<\/p>\n<p>&nbsp;<\/p>\n<!--CusAds0--><!--CusAds0-->\n<div style=\"font-size: 0px; height: 0px; line-height: 0px; margin: 0; padding: 0; clear: both;\"><\/div>","protected":false},"excerpt":{"rendered":"<p>V\u00e9get \u00e9rt a 3. Ifj\u00fas\u00e1gi Vil\u00e1gbajnoks\u00e1g Marijampol\u00e9ban (Litv\u00e1nia), ahol az els\u0151t is megrendezt\u00e9k. Az els\u0151h\u00f6z hasonl\u00f3an ism\u00e9t Rokas Kostiu\u0161kevi\u010dius lett az Ifj\u00fas\u00e1gi vil\u00e1gbajnok, aki volt m\u00e1r Eur\u00f3pa Bajnok is, \u00e9s helysz\u00ednt ad\u00f3 v\u00e1rosban \u00e9l.<\/p>\n","protected":false},"author":1,"featured_media":0,"comment_status":"open","ping_status":"open","sticky":false,"template":"","format":"standard","meta":[],"categories":[6,10,18,24],"tags":[179,72,85,178,177,176],"_links":{"self":[{"href":"http:\/\/ballon.hu\/index.php?rest_route=\/wp\/v2\/posts\/1258"}],"collection":[{"href":"http:\/\/ballon.hu\/index.php?rest_route=\/wp\/v2\/posts"}],"about":[{"href":"http:\/\/ballon.hu\/index.php?rest_route=\/wp\/v2\/types\/post"}],"author":[{"embeddable":true,"href":"http:\/\/ballon.hu\/index.php?rest_route=\/wp\/v2\/users\/1"}],"replies":[{"embeddable":true,"href":"http:\/\/ballon.hu\/index.php?rest_route=%2Fwp%2Fv2%2Fcomments&post=1258"}],"version-history":[{"count":6,"href":"http:\/\/ballon.hu\/index.php?rest_route=\/wp\/v2\/posts\/1258\/revisions"}],"predecessor-version":[{"id":1265,"href":"http:\/\/ballon.hu\/index.php?rest_route=\/wp\/v2\/posts\/1258\/revisions\/1265"}],"wp:attachment":[{"href":"http:\/\/ballon.hu\/index.php?rest_route=%2Fwp%2Fv2%2Fmedia&parent=1258"}],"wp:term":[{"taxonomy":"category","embeddable":true,"href":"http:\/\/ballon.hu\/index.php?rest_route=%2Fwp%2Fv2%2Fcategories&post=1258"},{"taxonomy":"post_tag","embeddable":true,"href":"http:\/\/ballon.hu\/index.php?rest_route=%2Fwp%2Fv2%2Ftags&post=1258"}],"curies":[{"name":"wp","href":"https:\/\/api.w.org\/{rel}","templated":true}]}}