{"id":1231,"date":"2016-06-04T08:05:14","date_gmt":"2016-06-04T06:05:14","guid":{"rendered":"http:\/\/ballon.hu\/?p=1231"},"modified":"2016-06-04T08:08:18","modified_gmt":"2016-06-04T06:08:18","slug":"1783-junius-4-en-volt-az-elso-nyilvanos-holegballon-repules","status":"publish","type":"post","link":"http:\/\/ballon.hu\/?p=1231","title":{"rendered":"1783. j\u00fanius 4-\u00e9n volt az els\u0151 nyilv\u00e1nos h\u0151l\u00e9gballon rep\u00fcl\u00e9s"},"content":{"rendered":"<div class=\"71412af0e73d5d7388caca345de1e9dd\" data-index=\"1\" style=\"float: none; margin:10px 0 10px 0; text-align:center;\">\n<script type=\"text\/javascript\"><!--\r\ngoogle_ad_client = \"ca-pub-2865779868887008\";\r\n\/* Android box *\/\r\ngoogle_ad_slot = \"1345074415\";\r\ngoogle_ad_width = 336;\r\ngoogle_ad_height = 280;\r\n\/\/-->\r\n<\/script>\r\n<script type=\"text\/javascript\"\r\nsrc=\"http:\/\/pagead2.googlesyndication.com\/pagead\/show_ads.js\">\r\n<\/script>\n<\/div>\n<p><img decoding=\"async\" loading=\"lazy\" class=\"alignleft\" src=\"http:\/\/upload.wikimedia.org\/wikipedia\/commons\/thumb\/6\/6b\/Early_flight_02562u_(2).jpg\/150px-Early_flight_02562u_(2).jpg\" alt=\"1783. j\u00fanius 4-\u00e9n volt Montgolfier testv\u00e9rek ballonj\u00e1nak els\u0151 nyilv\u00e1nos rep\u00fcl\u00e9se\" width=\"150\" height=\"219\" \/><strong>1783. j\u00fanius 4-\u00e9n volt Montgolfier testv\u00e9rek ballonj\u00e1nak els\u0151 nyilv\u00e1nos rep\u00fcl\u00e9se, akkor m\u00e9g emberek n\u00e9lk\u00fcl.<\/strong><\/p>\n<p>A 16 gyermekes csal\u00e1d 12. gyermeke Joseph, tipikus feltal\u00e1l\u00f3, a maga \u00fatj\u00e1t j\u00e1r\u00f3, \u00e1lmodoz\u00f3, nem \u00fczletember t\u00edpus. M\u00e1r 1777-t\u0151l k\u00eds\u00e9rletezett rep\u00fcl\u00e9sre alkalmas eszk\u00f6zzel. Eleinte \u00fagy v\u00e9lte, hogy a f\u00fcst tartalmazta azt a g\u00e1zt, ami az emel\u00e9st el\u0151seg\u00edtette. A szoba k\u00eds\u00e9rletek ut\u00e1n meg\u00e9p\u00edtett\u00e9k az els\u0151 felnagy\u00edtott l\u00e9gi j\u00e1rm\u0171v\u00fcket. Meleg leveg\u0151 (par\u00e1zs elhelyez\u00e9se a kos\u00e1rban) el\u0151\u00e1ll\u00edt\u00e1s\u00e1val ballonj\u00e1t 1782. december 14-\u00e9n ember n\u00e9lk\u00fcli teherrel sikeresen megemelte.<!--more--><\/p>\n<p>\u00c9tienne volt a 15. gyerek, aki \u00fczleti v\u00e9n\u00e1val rendelkezett. A sz\u00fcl\u0151k \u00e9s a testv\u00e9rek P\u00e1rizsba\u00a0k\u00fcldt\u00e9k \u00e9p\u00edt\u00e9szetet tanulni. 1772-ben Raymond Montgolfier v\u00e1ratlan hal\u00e1la miatt a csal\u00e1di v\u00e1llalkoz\u00e1s vezet\u0151 n\u00e9lk\u00fcl maradt. \u00c9tienne \u00e1tvette a v\u00e1llalkoz\u00e1s \u2013 pap\u00edrgy\u00e1rt\u00e1s \u2013 ir\u00e1ny\u00edt\u00e1s\u00e1t, a 18. sz\u00e1zad legmodernebb pap\u00edripari v\u00e1llalat\u00e1v\u00e1 fejlesztett. V\u00e1llalkoz\u00e1s\u00e1nak elismer\u00e9sek\u00e9nt a francia korm\u00e1ny t\u00e1mogat\u00e1sban r\u00e9szes\u00edtette, hogy modellk\u00e9nt szolg\u00e1lja a francia pap\u00edripart.<\/p>\n<p>Az els\u0151 nyilv\u00e1nos rep\u00fcl\u00e9sre 1783. j\u00fanius 4-\u00e9n ker\u00fclt sor n\u00e9z\u0151k \u00e9s az el\u00f6lj\u00e1r\u00f3k jelenl\u00e9t\u00e9ben. A l\u00e9gg\u00f6mb g\u00f6mb alak\u00fa volt, zs\u00e1kv\u00e1szont h\u00e1romr\u00e9teg\u0171 pap\u00edrral b\u00e9lelt\u00e9k, a k\u00fclsej\u00e9t hal h\u00e1l\u00f3val vont\u00e1k k\u00f6r\u00fcl. A rep\u00fcl\u00e9s 10 percig tartott \u00e9s 1,6\u20132 kilom\u00e9teres magass\u00e1got \u00e9rtek el.<\/p>\n<!--CusAds0--><!--CusAds0-->\n<div style=\"font-size: 0px; height: 0px; line-height: 0px; margin: 0; padding: 0; clear: both;\"><\/div>","protected":false},"excerpt":{"rendered":"<p>1783. j\u00fanius 4-\u00e9n volt Montgolfier testv\u00e9rek ballonj\u00e1nak els\u0151 nyilv\u00e1nos rep\u00fcl\u00e9se, akkor m\u00e9g emberek n\u00e9lk\u00fcl. A 16 gyermekes csal\u00e1d 12. gyermeke Joseph, tipikus feltal\u00e1l\u00f3, a maga \u00fatj\u00e1t j\u00e1r\u00f3, \u00e1lmodoz\u00f3, nem \u00fczletember t\u00edpus. M\u00e1r 1777-t\u0151l k\u00eds\u00e9rletezett rep\u00fcl\u00e9sre alkalmas eszk\u00f6zzel. Eleinte \u00fagy v\u00e9lte, hogy a f\u00fcst tartalmazta azt a g\u00e1zt, ami az emel\u00e9st el\u0151seg\u00edtette. A szoba k\u00eds\u00e9rletek ut\u00e1n [&hellip;]<\/p>\n","protected":false},"author":1,"featured_media":0,"comment_status":"open","ping_status":"open","sticky":false,"template":"","format":"standard","meta":[],"categories":[5,6,23],"tags":[167,169,66,168,170,172,171],"_links":{"self":[{"href":"http:\/\/ballon.hu\/index.php?rest_route=\/wp\/v2\/posts\/1231"}],"collection":[{"href":"http:\/\/ballon.hu\/index.php?rest_route=\/wp\/v2\/posts"}],"about":[{"href":"http:\/\/ballon.hu\/index.php?rest_route=\/wp\/v2\/types\/post"}],"author":[{"embeddable":true,"href":"http:\/\/ballon.hu\/index.php?rest_route=\/wp\/v2\/users\/1"}],"replies":[{"embeddable":true,"href":"http:\/\/ballon.hu\/index.php?rest_route=%2Fwp%2Fv2%2Fcomments&post=1231"}],"version-history":[{"count":4,"href":"http:\/\/ballon.hu\/index.php?rest_route=\/wp\/v2\/posts\/1231\/revisions"}],"predecessor-version":[{"id":1235,"href":"http:\/\/ballon.hu\/index.php?rest_route=\/wp\/v2\/posts\/1231\/revisions\/1235"}],"wp:attachment":[{"href":"http:\/\/ballon.hu\/index.php?rest_route=%2Fwp%2Fv2%2Fmedia&parent=1231"}],"wp:term":[{"taxonomy":"category","embeddable":true,"href":"http:\/\/ballon.hu\/index.php?rest_route=%2Fwp%2Fv2%2Fcategories&post=1231"},{"taxonomy":"post_tag","embeddable":true,"href":"http:\/\/ballon.hu\/index.php?rest_route=%2Fwp%2Fv2%2Ftags&post=1231"}],"curies":[{"name":"wp","href":"https:\/\/api.w.org\/{rel}","templated":true}]}}