{"id":1190,"date":"2016-05-09T12:33:41","date_gmt":"2016-05-09T12:33:41","guid":{"rendered":"http:\/\/ballon.hu\/?p=1190"},"modified":"2016-05-10T10:33:20","modified_gmt":"2016-05-10T10:33:20","slug":"vajner-barna-itt-hagyott-minket","status":"publish","type":"post","link":"http:\/\/ballon.hu\/?p=1190","title":{"rendered":"Vajner Barna itt hagyott minket"},"content":{"rendered":"<div class=\"71412af0e73d5d7388caca345de1e9dd\" data-index=\"1\" style=\"float: none; margin:10px 0 10px 0; text-align:center;\">\n<script type=\"text\/javascript\"><!--\r\ngoogle_ad_client = \"ca-pub-2865779868887008\";\r\n\/* Android box *\/\r\ngoogle_ad_slot = \"1345074415\";\r\ngoogle_ad_width = 336;\r\ngoogle_ad_height = 280;\r\n\/\/-->\r\n<\/script>\r\n<script type=\"text\/javascript\"\r\nsrc=\"http:\/\/pagead2.googlesyndication.com\/pagead\/show_ads.js\">\r\n<\/script>\n<\/div>\n<div id=\"js_8a\" class=\"_5pbx userContent\" data-ft=\"{&quot;tn&quot;:&quot;K&quot;}\">\n<p>Vajner Barna Szabolcs temet\u00e9se 2016. m\u00e1jus 27-\u00e9n 11:30-kor lesz az \u00dajk\u00f6ztemet\u0151ben (X. ker. Kozma u. 8-10.).<\/p>\n<p><img decoding=\"async\" loading=\"lazy\" class=\"aligncenter size-full wp-image-1206\" src=\"http:\/\/ballon.hu\/wp-content\/uploads\/2016\/04\/Gyaszjelentes-Vajner-Barnabas.jpg\" alt=\"Vajner Barna gy\u00e1szjelent\u00e9s\" width=\"640\" height=\"448\" srcset=\"http:\/\/ballon.hu\/wp-content\/uploads\/2016\/04\/Gyaszjelentes-Vajner-Barnabas.jpg 640w, http:\/\/ballon.hu\/wp-content\/uploads\/2016\/04\/Gyaszjelentes-Vajner-Barnabas-300x210.jpg 300w, http:\/\/ballon.hu\/wp-content\/uploads\/2016\/04\/Gyaszjelentes-Vajner-Barnabas-624x437.jpg 624w\" sizes=\"(max-width: 640px) 100vw, 640px\" \/><\/p>\n<p>M\u00e9ly f\u00e1jdalommal tudatom veletek, hogy a 12. sz\u00e1m\u00fa h\u0151l\u00e9gballon szakszolg\u00e1lati enged\u00e9ly tulajdonosa, Vajner\u00a0<a class=\"profileLink\" href=\"https:\/\/www.facebook.com\/barna.vajner\" data-hovercard=\"\/ajax\/hovercard\/user.php?id=100001044294515&amp;extragetparams=%7B%22directed_target_id%22%3A571162032900139%7D\">Barna<\/a>\u00a0\u00f6r\u00f6kre itt hagyott minket.<\/p>\n<div id=\"attachment_1191\" style=\"width: 1010px\" class=\"wp-caption aligncenter\"><img aria-describedby=\"caption-attachment-1191\" decoding=\"async\" loading=\"lazy\" class=\"size-full wp-image-1191\" src=\"http:\/\/ballon.hu\/wp-content\/uploads\/2016\/04\/Vajner-Barna.jpg\" alt=\"Vajner Barna\" width=\"1000\" height=\"677\" srcset=\"http:\/\/ballon.hu\/wp-content\/uploads\/2016\/04\/Vajner-Barna.jpg 1000w, http:\/\/ballon.hu\/wp-content\/uploads\/2016\/04\/Vajner-Barna-300x203.jpg 300w, http:\/\/ballon.hu\/wp-content\/uploads\/2016\/04\/Vajner-Barna-768x520.jpg 768w, http:\/\/ballon.hu\/wp-content\/uploads\/2016\/04\/Vajner-Barna-624x422.jpg 624w\" sizes=\"(max-width: 1000px) 100vw, 1000px\" \/><p id=\"caption-attachment-1191\" class=\"wp-caption-text\">Vajner Barna<\/p><\/div>\n<div class=\"_5wpt\"><\/div>\n<\/div>\n<div class=\"_3x-2\"><\/div>\n<!--CusAds0--><!--CusAds0-->\n<div style=\"font-size: 0px; height: 0px; line-height: 0px; margin: 0; padding: 0; clear: both;\"><\/div>","protected":false},"excerpt":{"rendered":"<p>Vajner Barna Szabolcs temet\u00e9se 2016. m\u00e1jus 27-\u00e9n 11:30-kor lesz az \u00dajk\u00f6ztemet\u0151ben (X. ker. Kozma u. 8-10.). M\u00e9ly f\u00e1jdalommal tudatom veletek, hogy a 12. sz\u00e1m\u00fa h\u0151l\u00e9gballon szakszolg\u00e1lati enged\u00e9ly tulajdonosa, Vajner\u00a0Barna\u00a0\u00f6r\u00f6kre itt hagyott minket.<\/p>\n","protected":false},"author":1,"featured_media":0,"comment_status":"open","ping_status":"open","sticky":false,"template":"","format":"standard","meta":[],"categories":[15],"tags":[160],"_links":{"self":[{"href":"http:\/\/ballon.hu\/index.php?rest_route=\/wp\/v2\/posts\/1190"}],"collection":[{"href":"http:\/\/ballon.hu\/index.php?rest_route=\/wp\/v2\/posts"}],"about":[{"href":"http:\/\/ballon.hu\/index.php?rest_route=\/wp\/v2\/types\/post"}],"author":[{"embeddable":true,"href":"http:\/\/ballon.hu\/index.php?rest_route=\/wp\/v2\/users\/1"}],"replies":[{"embeddable":true,"href":"http:\/\/ballon.hu\/index.php?rest_route=%2Fwp%2Fv2%2Fcomments&post=1190"}],"version-history":[{"count":3,"href":"http:\/\/ballon.hu\/index.php?rest_route=\/wp\/v2\/posts\/1190\/revisions"}],"predecessor-version":[{"id":1207,"href":"http:\/\/ballon.hu\/index.php?rest_route=\/wp\/v2\/posts\/1190\/revisions\/1207"}],"wp:attachment":[{"href":"http:\/\/ballon.hu\/index.php?rest_route=%2Fwp%2Fv2%2Fmedia&parent=1190"}],"wp:term":[{"taxonomy":"category","embeddable":true,"href":"http:\/\/ballon.hu\/index.php?rest_route=%2Fwp%2Fv2%2Fcategories&post=1190"},{"taxonomy":"post_tag","embeddable":true,"href":"http:\/\/ballon.hu\/index.php?rest_route=%2Fwp%2Fv2%2Ftags&post=1190"}],"curies":[{"name":"wp","href":"https:\/\/api.w.org\/{rel}","templated":true}]}}